{"id":1263,"date":"2024-01-30T09:29:22","date_gmt":"2024-01-30T09:29:22","guid":{"rendered":"https:\/\/numerigeek.com\/fr\/amazfit-gtr-47mm-fiche-technique-et-caracteristiques\/"},"modified":"2024-01-30T09:29:22","modified_gmt":"2024-01-30T09:29:22","slug":"amazfit-gtr-47mm-fiche-technique-et-caracteristiques","status":"publish","type":"post","link":"https:\/\/numerigeek.com\/fr\/amazfit-gtr-47mm-fiche-technique-et-caracteristiques\/","title":{"rendered":"Amazfit GTR 47mm Fiche technique et Caract\u00e9ristiques &#8211; Montre connect\u00e9e"},"content":{"rendered":"<p>\n<div class=\"fox-best fox-best--grid fox-animate\"\n         id=\"fox-best-e05c590d\"\n     style=\"--fox-best-cols:3\"\n     >\n\n        \n    \n    <div class=\"fox-best__grid\">\n                <article class=\"fox-best__item fox-best__item--ranked\"\n                 style=\"--fox-item-delay:0ms\">\n\n            \n            <a href=\"https:\/\/www.amazon.fr\/dp\/B0B343MYW3?tag=cdbc_af-21\" target=\"_blank\" rel=\"nofollow noopener sponsored\" class=\"fox-best__image-link\">\n                                <img decoding=\"async\" src=\"https:\/\/m.media-amazon.com\/images\/I\/41QHKB6LlKL._SL500_.jpg\"\n                     alt=\"22mm Largeur Bracelet de Montre pour Amazfit GTR 3\/GTR 3 Pro\/GTR 2e\/GTR 2\/GTR 47mm\/Amazfit Stratos 3\/Stratos 2\/Stratos\"\n                     class=\"fox-best__image\" loading=\"lazy\">\n                            <\/a>\n\n            <div class=\"fox-best__body\">\n                                <span class=\"fox-best__brand\">YHC<\/span>\n                                <p class=\"fox-best__item-title\">\n                    <a href=\"https:\/\/www.amazon.fr\/dp\/B0B343MYW3?tag=cdbc_af-21\" target=\"_blank\" rel=\"nofollow noopener sponsored\">\n                        22mm Largeur Bracelet de Montre pour Amazfit GTR 3\/GTR 3 Pro\/GTR 2e\/GTR 2\/GTR 47mm\/Amazfit Stratos 3\/Stratos 2\/Stratos                    <\/a>\n                <\/p>\n                <div class=\"fox-desc\"><ul class=\"fox-desc__list\"><li class=\"fox-desc__item\">\u3010Mod\u00e8le Compatible\u3011 Cette sangle de remplacement de 22 mm est compatible avec Amazfit GTR 3\/Amazfit GTR 3 Pro\/Amazfit GTR 2e\/Amazfit GTR 2\/Amazfit GTR 47 mm\/Amazfit Stratos 3\/Amazfit Stratos 2\/Amazfit Stratos\/Amazfit Pace\/Amazfit Zepp Z<\/li><li class=\"fox-desc__item\">\u3010Taille du Bracelet\u3011 Le bracelet s&#039;adapte \u00e0 une circonf\u00e9rence de poignet de 5,5 \u00e0 8,6 pouces (13 \u00e0 22 cm), adapt\u00e9 \u00e0 tout le monde. La conception poreuse vous permet d&#039;ajuster la taille du bracelet en fonction de l&#039;\u00e9paisseur de votre poignet, ce qui le rend non seulement \u00e9l\u00e9gant et facile \u00e0 porter, mais aussi tr\u00e8s respirant, l\u00e9ger et durable. Facile \u00e0 ajuster la longueur, convient aussi bien aux hommes qu&#039;aux femmes.<\/li><li class=\"fox-desc__item\">\u3010Haute Qualit\u00e9\u3011 Le bracelet est fabriqu\u00e9 en silicone \u00e9cologique de haute qualit\u00e9, avec une surface lisse, un aspect sportif et facile \u00e0 nettoyer. La sangle en silicone respirante douce, flexible et l\u00e9g\u00e8re offre un ajustement confortable. Imperm\u00e9able et r\u00e9sistant \u00e0 la transpiration, adapt\u00e9 aux sports, aux loisirs et \u00e0 une utilisation quotidienne.<\/li><\/ul><\/div>                    <div class=\"fox-best__stars\" aria-label=\"0\/5\"><\/div>                <div class=\"fox-best__footer\"><div class=\"fox-best__price-wrap\"><span class=\"fox-best__price\">\u20ac9,99<\/span><\/div><a href=\"https:\/\/www.amazon.fr\/dp\/B0B343MYW3?tag=cdbc_af-21\" class=\"fox-best__cta fox-table__btn\" target=\"_blank\" rel=\"nofollow noopener sponsored\">Voir<\/a><\/div>            <\/div>\n\n        <\/article>\n            <\/div>\n\n    \n<\/div><!-- .fox-best -->\n\n<script type=\"application\/ld+json\">{\"@type\":\"Product\",\"name\":\"22mm Largeur Bracelet de Montre pour Amazfit GTR 3\/GTR 3 Pro\/GTR 2e\/GTR 2\/GTR 47mm\/Amazfit Stratos 3\/Stratos 2\/Stratos\",\"image\":\"https:\/\/m.media-amazon.com\/images\/I\/41QHKB6LlKL._SL500_.jpg\",\"sku\":\"B0B343MYW3\",\"productID\":\"B0B343MYW3\",\"brand\":{\"@type\":\"Brand\",\"name\":\"YHC\"},\"description\":\"\u3010Mod\u00e8le Compatible\u3011 Cette sangle de remplacement de 22 mm est compatible avec Amazfit GTR 3\/Amazfit GTR 3 Pro\/Amazfit GTR 2e\/Amazfit GTR 2\/Amazfit GTR 47 mm\/Amazfit Stratos 3\/Amazfit Stratos 2\/Amazfit Stratos\/Amazfit Pace\/Amazfit Zepp Z \u3010Taille du Bracelet\u3011 Le bracelet s'adapte \u00e0 une circonf\u00e9rence de poignet de 5,5 \u00e0 8,6 pouces (13 \u00e0 22 cm), adapt\u00e9 \u00e0 tout le monde. La conception poreuse vous permet d'ajuster la taille du bracelet en fonction de l'\u00e9paisseur de votre poignet, ce qui le rend non seulement \u00e9l\u00e9gant et facile \u00e0 porter, mais aussi tr\u00e8s respirant, l\u00e9ger et durable. Facile \u00e0 ajuster la longueur, convient aussi bien aux hommes qu'aux femmes. \u3010Haute Qualit\u00e9\u3011 Le bracelet est fabriqu\u00e9 en silicone \u00e9cologique de haute qualit\u00e9, avec une surface lisse, un aspect sportif et facile \u00e0 nettoyer. La sangle en silicone respirante douce, flexible et l\u00e9g\u00e8re offre un ajustement confortable. Imperm\u00e9able et r\u00e9sistant \u00e0 la transpiration, adapt\u00e9 aux sports, aux loisirs et \u00e0 une utilisation quotidienne.\",\"offers\":{\"@type\":\"Offer\",\"url\":\"https:\/\/www.amazon.fr\/dp\/B0B343MYW3?tag=cdbc_af-21\",\"seller\":{\"@type\":\"Organization\",\"name\":\"Amazon\"},\"availability\":\"https:\/\/schema.org\/InStock\",\"price\":\"9.99\",\"priceCurrency\":\"EUR\",\"priceValidUntil\":\"2026-05-03\"},\"@context\":\"https:\/\/schema.org\"}<\/script>\n\n<script type=\"application\/ld+json\">{\"@type\":\"Product\",\"name\":\"22mm Largeur Bracelet de Montre pour Amazfit GTR 3\/GTR 3 Pro\/GTR 2e\/GTR 2\/GTR 47mm\/Amazfit Stratos 3\/Stratos 2\/Stratos\",\"image\":\"https:\/\/m.media-amazon.com\/images\/I\/41QHKB6LlKL._SL500_.jpg\",\"sku\":\"B0B343MYW3\",\"productID\":\"B0B343MYW3\",\"brand\":{\"@type\":\"Brand\",\"name\":\"YHC\"},\"description\":\"\u3010Mod\u00e8le Compatible\u3011 Cette sangle de remplacement de 22 mm est compatible avec Amazfit GTR 3\/Amazfit GTR 3 Pro\/Amazfit GTR 2e\/Amazfit GTR 2\/Amazfit GTR 47 mm\/Amazfit Stratos 3\/Amazfit Stratos 2\/Amazfit Stratos\/Amazfit Pace\/Amazfit Zepp Z \u3010Taille du Bracelet\u3011 Le bracelet s'adapte \u00e0 une circonf\u00e9rence de poignet de 5,5 \u00e0 8,6 pouces (13 \u00e0 22 cm), adapt\u00e9 \u00e0 tout le monde. La conception poreuse vous permet d'ajuster la taille du bracelet en fonction de l'\u00e9paisseur de votre poignet, ce qui le rend non seulement \u00e9l\u00e9gant et facile \u00e0 porter, mais aussi tr\u00e8s respirant, l\u00e9ger et durable. Facile \u00e0 ajuster la longueur, convient aussi bien aux hommes qu'aux femmes. \u3010Haute Qualit\u00e9\u3011 Le bracelet est fabriqu\u00e9 en silicone \u00e9cologique de haute qualit\u00e9, avec une surface lisse, un aspect sportif et facile \u00e0 nettoyer. La sangle en silicone respirante douce, flexible et l\u00e9g\u00e8re offre un ajustement confortable. Imperm\u00e9able et r\u00e9sistant \u00e0 la transpiration, adapt\u00e9 aux sports, aux loisirs et \u00e0 une utilisation quotidienne.\",\"offers\":{\"@type\":\"Offer\",\"url\":\"https:\/\/www.amazon.fr\/dp\/B0B343MYW3?tag=cdbc_af-21\",\"seller\":{\"@type\":\"Organization\",\"name\":\"Amazon\"},\"availability\":\"https:\/\/schema.org\/InStock\",\"price\":\"9.99\",\"priceCurrency\":\"EUR\",\"priceValidUntil\":\"2026-05-03\"},\"@context\":\"https:\/\/schema.org\"}<\/script>\n<br \/><html><br \/>\n <head><\/head><br \/>\n <body> <\/p>\n<h2>Fiche technique de l\u2019Amazfit GTR 47 mm<\/h2>\n<p>G\u00e9n\u00e9ral<\/p>\n<figure>\n<table>\n<tbody>\n<tr>\n<td background=\"\">Marque<\/td>\n<td background=\"\">Amazfit<\/td>\n<\/tr>\n<tr>\n<td background=\"\">Mod\u00e8le<\/td>\n<td background=\"\">GTR 47 mm<\/td>\n<\/tr>\n<tr>\n<td background=\"\">Date de sortie<\/td>\n<td background=\"\">16 juillet 2019<\/td>\n<\/tr>\n<tr>\n<td background=\"\">Couleur du cadran<\/td>\n<td background=\"\">Noir<\/td>\n<\/tr>\n<tr>\n<td background=\"\">Forme du cadran<\/td>\n<td background=\"\">Rond<\/td>\n<\/tr>\n<tr>\n<td background=\"\">Couleur du bracelet<\/td>\n<td background=\"\">Marron, Fluoro<\/td>\n<\/tr>\n<tr>\n<td background=\"\">Mat\u00e9riau du bracelet<\/td>\n<td background=\"\">Cuir<\/td>\n<\/tr>\n<tr>\n<td background=\"\">\u00c9cran tactile<\/td>\n<td background=\"\">Oui<\/td>\n<\/tr>\n<tr>\n<td background=\"\">R\u00e9sistant \u00e0 l\u2019eau<\/td>\n<td background=\"\">5ATM<\/td>\n<\/tr>\n<\/tbody>\n<\/table>\n<\/figure>\n<p>Dimensions<\/p>\n<figure>\n<table>\n<tbody>\n<tr>\n<td background=\"\">Largeur<\/td>\n<td background=\"\">47,2<\/td>\n<\/tr>\n<tr>\n<td background=\"\">la taille<\/td>\n<td background=\"\">47,2<\/td>\n<\/tr>\n<tr>\n<td background=\"\">\u00c9paisseur<\/td>\n<td background=\"\">10,75<\/td>\n<\/tr>\n<tr>\n<td background=\"\">Poids (g)<\/td>\n<td background=\"\">54,00<\/td>\n<\/tr>\n<\/tbody>\n<\/table>\n<\/figure>\n<p>D\u00e9tails du produit<\/p>\n<figure>\n<table>\n<tbody>\n<tr>\n<td background=\"\">Fermeture<\/td>\n<td background=\"\">Boucle de sangle<\/td>\n<\/tr>\n<tr>\n<td background=\"\">Capteur<\/td>\n<td background=\"\">Capteur optique BioTracker TM PPG Bio-Tracking, acc\u00e9l\u00e9rom\u00e8tre 6 axes, capteur g\u00e9omagn\u00e9tique 3 axes, capteur de pression atmosph\u00e9rique, capteur capacitif, capteur de luminosit\u00e9 de la lumi\u00e8re ambiante<\/td>\n<\/tr>\n<tr>\n<td background=\"\">Appareil compatible<\/td>\n<td background=\"\">Android, iPhone<\/td>\n<\/tr>\n<tr>\n<td background=\"\">Notification<\/td>\n<td background=\"\">Oui<\/td>\n<\/tr>\n<tr>\n<td background=\"\">Type de batterie<\/td>\n<td background=\"\">Polym\u00e8re de lithium<\/td>\n<\/tr>\n<tr>\n<td background=\"\">Vie de la batterie<\/td>\n<td background=\"\">Jusqu\u2019\u00e0 74 jours<\/td>\n<\/tr>\n<tr>\n<td background=\"\">Batterie rechargeable<\/td>\n<td background=\"\">Oui<\/td>\n<\/tr>\n<\/tbody>\n<\/table>\n<\/figure>\n<p>Fonctionnalit\u00e9s de connectivit\u00e9<\/p>\n<figure>\n<table>\n<tbody>\n<tr>\n<td background=\"\">Bluetooth<\/td>\n<td background=\"\">5<\/td>\n<\/tr>\n<tr>\n<td background=\"\">GPS<\/td>\n<td background=\"\">Oui<\/td>\n<\/tr>\n<\/tbody>\n<\/table>\n<\/figure>\n<p>Fonctionnalit\u00e9s de plate-forme et de stockage<\/p>\n<figure>\n<table>\n<tbody>\n<tr>\n<td background=\"\">Syst\u00e8me d\u2019exploitation compatible<\/td>\n<td background=\"\">Android et iOS<\/td>\n<\/tr>\n<\/tbody>\n<\/table>\n<\/figure>\n<p>Fonctionnalit\u00e9s de l\u2019appareil photo et d\u2019affichage<\/p>\n<figure>\n<table>\n<tbody>\n<tr>\n<td background=\"\">R\u00e9solution d\u2019affichage<\/td>\n<td background=\"\">320 x 320 pixels<\/td>\n<\/tr>\n<\/tbody>\n<\/table>\n<\/figure>\n<p>Fonctions de remise en forme et de montre<\/p>\n<figure>\n<table>\n<tbody>\n<tr>\n<td background=\"\">Nombre de pas<\/td>\n<td background=\"\">Oui<\/td>\n<\/tr>\n<tr>\n<td background=\"\">Nombre de calories<\/td>\n<td background=\"\">Oui<\/td>\n<\/tr>\n<tr>\n<td background=\"\">Moniteur de fr\u00e9quence cardiaque<\/td>\n<td background=\"\">Oui<\/td>\n<\/tr>\n<tr>\n<td background=\"\">Boussole<\/td>\n<td background=\"\">Oui<\/td>\n<\/tr>\n<tr>\n<td background=\"\">R\u00e9veil<\/td>\n<td background=\"\">Oui<\/td>\n<\/tr>\n<tr>\n<td background=\"\">Affichage de la date et de l\u2019heure<\/td>\n<td background=\"\">Oui<\/td>\n<\/tr>\n<tr>\n<td background=\"\">Langue<\/td>\n<td background=\"\">Anglais<\/td>\n<\/tr>\n<tr>\n<td background=\"\">Autres fonctions de la montre<\/td>\n<td background=\"\">M\u00e9t\u00e9o, musique, rappel d\u2019\u00e9v\u00e9nement, recherche d\u2019un t\u00e9l\u00e9phone portable, chronom\u00e8tre, compte \u00e0 rebours<\/td>\n<\/tr>\n<\/tbody>\n<\/table>\n<\/figure>\n<p> <\/body><br \/>\n<\/html><\/p>\n","protected":false},"excerpt":{"rendered":"<p>Fiche technique de l\u2019Amazfit GTR 47 mm G\u00e9n\u00e9ral Marque Amazfit Mod\u00e8le GTR 47 mm Date de sortie 16 juillet 2019 Couleur du cadran Noir Forme du cadran Rond Couleur du bracelet Marron, Fluoro Mat\u00e9riau du bracelet Cuir \u00c9cran tactile Oui R\u00e9sistant \u00e0 l\u2019eau 5ATM Dimensions Largeur 47,2 la taille 47,2 \u00c9paisseur 10,75 Poids (g) 54,00 [&hellip;]<\/p>\n","protected":false},"author":5,"featured_media":0,"comment_status":"open","ping_status":"","sticky":false,"template":"","format":"standard","meta":{"site-sidebar-layout":"default","site-content-layout":"","ast-site-content-layout":"default","site-content-style":"default","site-sidebar-style":"default","ast-global-header-display":"","ast-banner-title-visibility":"","ast-main-header-display":"","ast-hfb-above-header-display":"","ast-hfb-below-header-display":"","ast-hfb-mobile-header-display":"","site-post-title":"","ast-breadcrumbs-content":"","ast-featured-img":"","footer-sml-layout":"","ast-disable-related-posts":"","theme-transparent-header-meta":"","adv-header-id-meta":"","stick-header-meta":"","header-above-stick-meta":"","header-main-stick-meta":"","header-below-stick-meta":"","astra-migrate-meta-layouts":"default","ast-page-background-enabled":"default","ast-page-background-meta":{"desktop":{"background-color":"var(--ast-global-color-4)","background-image":"","background-repeat":"repeat","background-position":"center center","background-size":"auto","background-attachment":"scroll","background-type":"","background-media":"","overlay-type":"","overlay-color":"","overlay-opacity":"","overlay-gradient":""},"tablet":{"background-color":"","background-image":"","background-repeat":"repeat","background-position":"center center","background-size":"auto","background-attachment":"scroll","background-type":"","background-media":"","overlay-type":"","overlay-color":"","overlay-opacity":"","overlay-gradient":""},"mobile":{"background-color":"","background-image":"","background-repeat":"repeat","background-position":"center center","background-size":"auto","background-attachment":"scroll","background-type":"","background-media":"","overlay-type":"","overlay-color":"","overlay-opacity":"","overlay-gradient":""}},"ast-content-background-meta":{"desktop":{"background-color":"var(--ast-global-color-5)","background-image":"","background-repeat":"repeat","background-position":"center center","background-size":"auto","background-attachment":"scroll","background-type":"","background-media":"","overlay-type":"","overlay-color":"","overlay-opacity":"","overlay-gradient":""},"tablet":{"background-color":"var(--ast-global-color-5)","background-image":"","background-repeat":"repeat","background-position":"center center","background-size":"auto","background-attachment":"scroll","background-type":"","background-media":"","overlay-type":"","overlay-color":"","overlay-opacity":"","overlay-gradient":""},"mobile":{"background-color":"var(--ast-global-color-5)","background-image":"","background-repeat":"repeat","background-position":"center center","background-size":"auto","background-attachment":"scroll","background-type":"","background-media":"","overlay-type":"","overlay-color":"","overlay-opacity":"","overlay-gradient":""}},"footnotes":""},"categories":[1],"tags":[],"class_list":["post-1263","post","type-post","status-publish","format-standard","hentry","category-all"],"_links":{"self":[{"href":"https:\/\/numerigeek.com\/fr\/wp-json\/wp\/v2\/posts\/1263","targetHints":{"allow":["GET"]}}],"collection":[{"href":"https:\/\/numerigeek.com\/fr\/wp-json\/wp\/v2\/posts"}],"about":[{"href":"https:\/\/numerigeek.com\/fr\/wp-json\/wp\/v2\/types\/post"}],"author":[{"embeddable":true,"href":"https:\/\/numerigeek.com\/fr\/wp-json\/wp\/v2\/users\/5"}],"replies":[{"embeddable":true,"href":"https:\/\/numerigeek.com\/fr\/wp-json\/wp\/v2\/comments?post=1263"}],"version-history":[{"count":0,"href":"https:\/\/numerigeek.com\/fr\/wp-json\/wp\/v2\/posts\/1263\/revisions"}],"wp:attachment":[{"href":"https:\/\/numerigeek.com\/fr\/wp-json\/wp\/v2\/media?parent=1263"}],"wp:term":[{"taxonomy":"category","embeddable":true,"href":"https:\/\/numerigeek.com\/fr\/wp-json\/wp\/v2\/categories?post=1263"},{"taxonomy":"post_tag","embeddable":true,"href":"https:\/\/numerigeek.com\/fr\/wp-json\/wp\/v2\/tags?post=1263"}],"curies":[{"name":"wp","href":"https:\/\/api.w.org\/{rel}","templated":true}]}}